{"id":2011,"date":"2022-11-02T12:54:10","date_gmt":"2022-11-02T11:54:10","guid":{"rendered":"https:\/\/lfchannel.com\/?p=2011"},"modified":"2023-03-14T13:58:16","modified_gmt":"2023-03-14T12:58:16","slug":"lf-channel-amb-lesport-femeni-de-base","status":"publish","type":"post","link":"https:\/\/lfchannel.com\/ca\/lf-channel-amb-lesport-femeni-de-base\/","title":{"rendered":"LF Channel, amb l\u2019esport femen\u00ed de base"},"content":{"rendered":"<p><em>L\u2019ag\u00e8ncia de comunicaci\u00f3 i m\u00e0rqueting patrocina a l\u2019Equip femen\u00ed de P\u00e0del Club Tenis Figueres en la II Copa d\u2019Espanya de Lligues Auton\u00f2miques que es disputar\u00e0 del 3 al 6 de novembre.<\/em><\/p>\n<p>A LF Channel volem donar visibilitat al paper de la dona en l\u2019esport de base i hem decidit patrocinar a l\u2019Equip femen\u00ed de P\u00e0del Club Tenis Figueres en la seva participaci\u00f3 en la II Copa d\u2019Espanya de Lligues Auton\u00f2miques per Equips. Fent un pas m\u00e9s enll\u00e0 del nostre prop\u00f2sit centrat en una comunicaci\u00f3 basada en la diversitat, equitat i igualtat, tot l\u2019equip de LF Channel est\u00e0 plenament comprom\u00e8s amb el suport a l\u2019esport femen\u00ed i la seva visibilitat, que avui en dia no rep la mateixa atenci\u00f3 medi\u00e0tica que els seus hom\u00f2legs masculins. Per aquest motiu, ens sentim orgulloses amb aquest acte, no nom\u00e9s per una q\u00fcesti\u00f3 monet\u00e0ria, que \u00e9s clau per la seva superviv\u00e8ncia, sin\u00f3 tamb\u00e9 emocional. Tots els membres de LF Channel estem il\u00b7lusionats i amb ganes de veure l\u2019evoluci\u00f3 de les participants del P\u00e0del Club Tenis Figueres en el campionat que es dur\u00e0 a terme entre el 3 i el 6 de novembre a Saragossa!<\/p>\n<p>Agos Szyller, entrenadora de l\u2019equip, explica: \u201cLa situaci\u00f3 de la dona esportista ha millorat molt respecte a anys anteriors, per\u00f2 continuem sense tenir igualtat de condicions respecte a les categories masculines. \u00c9s una lluita constant que no hem d\u2019abandonar. \u00c9s important que organitzacions donin suport a l\u2019esport femen\u00ed, tant com que l\u2019afici\u00f3 assisteixi als partits i s\u2019hi involucri animant a les jugadores\u201d.<\/p>\n<p>Considerant que les jugadores del P\u00e0del Club Tenis Figueres no es dediquen a l\u2019esport de manera professional i combinen els entrenaments amb les seves jornades laborals d\u2019altres camps molt variats, els \u00e8xits que estan aconseguint en els \u00faltims mesos mereixen tota l\u2019admiraci\u00f3 i consideraci\u00f3. \u201cRealcem el fet que totes les integrants de l\u2019equip compaginen el seu dia a dia laboral i personal amb els entrenaments. L\u2019esport local i amateur \u00e9s la base de la difusi\u00f3 d\u2019uns valors que repercuteixen en el nostre dia a dia i milloren l\u2019entorn que ens envolta. Son els valors als quals donem suport plenament des de la nostra companyia\u201d, afirma Imma Folch, CEO i fundadora de l\u2019ag\u00e8ncia de comunicaci\u00f3 i m\u00e0rqueting LF Channel.<\/p>\n<p>Si tot va b\u00e9, les jugadores del P\u00e0del Club Tenis Figueres acabaran la temporada sent campiones de lliga, aconseguint un ascens a la Divisi\u00f3 d\u2019Honor, proclamant-se campiones de Catalunya i qui sap&#8230; potser aquest cap de setmana ens toca celebrar que es proclamen campiones de la Copa d\u2019Espanya de Lligues Auton\u00f2miques.<\/p>\n<p><img loading=\"lazy\" decoding=\"async\" class=\"alignnone size-full wp-image-1885\" src=\"https:\/\/lfchannel.com\/wp-content\/uploads\/2023\/01\/Camiseta-LF-1.jpg\" alt=\"\" width=\"1800\" height=\"1200\" srcset=\"https:\/\/lfchannel.com\/wp-content\/uploads\/2023\/01\/Camiseta-LF-1.jpg 1800w, https:\/\/lfchannel.com\/wp-content\/uploads\/2023\/01\/Camiseta-LF-1-1280x853.jpg 1280w, https:\/\/lfchannel.com\/wp-content\/uploads\/2023\/01\/Camiseta-LF-1-980x653.jpg 980w, https:\/\/lfchannel.com\/wp-content\/uploads\/2023\/01\/Camiseta-LF-1-480x320.jpg 480w\" sizes=\"(min-width: 0px) and (max-width: 480px) 480px, (min-width: 481px) and (max-width: 980px) 980px, (min-width: 981px) and (max-width: 1280px) 1280px, (min-width: 1281px) 1800px, 100vw\" \/><\/p>\n","protected":false},"excerpt":{"rendered":"<p>L\u2019ag\u00e8ncia de comunicaci\u00f3 i m\u00e0rqueting patrocina a l\u2019Equip femen\u00ed de P\u00e0del Club Tenis Figueres en la II Copa d\u2019Espanya de Lligues Auton\u00f2miques que es disputar\u00e0 del 3 al 6 de novembre. A LF Channel volem donar visibilitat al paper de la dona en l\u2019esport de base i hem decidit patrocinar a l\u2019Equip femen\u00ed de P\u00e0del [&hellip;]<\/p>\n","protected":false},"author":10,"featured_media":1882,"comment_status":"open","ping_status":"open","sticky":false,"template":"","format":"standard","meta":{"_et_pb_use_builder":"","_et_pb_old_content":"","_et_gb_content_width":"","content-type":"","footnotes":""},"categories":[73,55],"tags":[],"class_list":["post-2011","post","type-post","status-publish","format-standard","has-post-thumbnail","hentry","category-dei","category-noticies_lf"],"aioseo_notices":[],"_links":{"self":[{"href":"https:\/\/lfchannel.com\/ca\/wp-json\/wp\/v2\/posts\/2011","targetHints":{"allow":["GET"]}}],"collection":[{"href":"https:\/\/lfchannel.com\/ca\/wp-json\/wp\/v2\/posts"}],"about":[{"href":"https:\/\/lfchannel.com\/ca\/wp-json\/wp\/v2\/types\/post"}],"author":[{"embeddable":true,"href":"https:\/\/lfchannel.com\/ca\/wp-json\/wp\/v2\/users\/10"}],"replies":[{"embeddable":true,"href":"https:\/\/lfchannel.com\/ca\/wp-json\/wp\/v2\/comments?post=2011"}],"version-history":[{"count":1,"href":"https:\/\/lfchannel.com\/ca\/wp-json\/wp\/v2\/posts\/2011\/revisions"}],"predecessor-version":[{"id":2012,"href":"https:\/\/lfchannel.com\/ca\/wp-json\/wp\/v2\/posts\/2011\/revisions\/2012"}],"wp:featuredmedia":[{"embeddable":true,"href":"https:\/\/lfchannel.com\/ca\/wp-json\/wp\/v2\/media\/1882"}],"wp:attachment":[{"href":"https:\/\/lfchannel.com\/ca\/wp-json\/wp\/v2\/media?parent=2011"}],"wp:term":[{"taxonomy":"category","embeddable":true,"href":"https:\/\/lfchannel.com\/ca\/wp-json\/wp\/v2\/categories?post=2011"},{"taxonomy":"post_tag","embeddable":true,"href":"https:\/\/lfchannel.com\/ca\/wp-json\/wp\/v2\/tags?post=2011"}],"curies":[{"name":"wp","href":"https:\/\/api.w.org\/{rel}","templated":true}]}}