{"id":13158,"date":"2025-12-16T08:30:39","date_gmt":"2025-12-16T07:30:39","guid":{"rendered":"https:\/\/lfchannel.com\/?p=13158"},"modified":"2025-12-16T11:32:23","modified_gmt":"2025-12-16T10:32:23","slug":"el-storytelling-en-les-relacions-publiques-que-es-com-aplicar-la-i-per-que-transformara-la-teva-comunicacio","status":"publish","type":"post","link":"https:\/\/lfchannel.com\/ca\/el-storytelling-en-les-relacions-publiques-que-es-com-aplicar-la-i-per-que-transformara-la-teva-comunicacio\/","title":{"rendered":"El storytelling en les relacions p\u00fabliques: qu\u00e8 \u00e9s, com aplicar-la i per qu\u00e8 transformar\u00e0 la teva comunicaci\u00f3"},"content":{"rendered":"<p>En l&#8217;actual panorama de les comunicacions corporatives, on hi ha saturaci\u00f3 digital, simplement explicar a la gent qu\u00e8 fem no \u00e9s suficient. Els missatges unidireccionals han perdut el seu efecte. Avui, el que connecta amb el p\u00fablic \u00e9s explicar la motivaci\u00f3 que hi ha darrere del que fem i com ho fem d&#8217;una<strong> <a href=\"https:\/\/lfchannel.com\/ca\/la-creativitat-com-a-avantatge-competitiu-en-pr\/\" target=\"_blank\" rel=\"noopener\">manera creativa i distintiva<\/a><\/strong>. Aquesta estrat\u00e8gia ens diferenciar\u00e0 de la nostra compet\u00e8ncia. Des de <a href=\"https:\/\/lfchannel.com\/ca\/\" target=\"_blank\" rel=\"noopener\"><strong>LF Channel<\/strong><\/a>, entenem aquest punt d&#8217;inflexi\u00f3 com una oportunitat clau per a les marques. \u00c9s aqu\u00ed on el storytelling adquireix un paper <strong>fonamental<\/strong> i <strong>estrat\u00e8gic<\/strong>, ja que la narraci\u00f3 d&#8217;hist\u00f2ries permet crear un vincle m\u00e9s s\u00f2lid amb el target a trav\u00e9s de relats significatius i aut\u00e8ntics.<\/p>\n<div id=\"ez-toc-container\" class=\"ez-toc-v2_0_82_2 counter-hierarchy ez-toc-counter ez-toc-grey ez-toc-container-direction\">\n<div class=\"ez-toc-title-container\">\n<p class=\"ez-toc-title\" style=\"cursor:inherit\"><\/p>\n<span class=\"ez-toc-title-toggle\"><a href=\"#\" class=\"ez-toc-pull-right ez-toc-btn ez-toc-btn-xs ez-toc-btn-default ez-toc-toggle\" aria-label=\"Toggle Table of Content\"><span class=\"ez-toc-js-icon-con\"><span class=\"\"><span class=\"eztoc-hide\" style=\"display:none;\">Toggle<\/span><span class=\"ez-toc-icon-toggle-span\"><svg style=\"fill: #999;color:#999\" xmlns=\"http:\/\/www.w3.org\/2000\/svg\" class=\"list-377408\" width=\"20px\" height=\"20px\" viewBox=\"0 0 24 24\" fill=\"none\"><path d=\"M6 6H4v2h2V6zm14 0H8v2h12V6zM4 11h2v2H4v-2zm16 0H8v2h12v-2zM4 16h2v2H4v-2zm16 0H8v2h12v-2z\" fill=\"currentColor\"><\/path><\/svg><svg style=\"fill: #999;color:#999\" class=\"arrow-unsorted-368013\" xmlns=\"http:\/\/www.w3.org\/2000\/svg\" width=\"10px\" height=\"10px\" viewBox=\"0 0 24 24\" version=\"1.2\" baseProfile=\"tiny\"><path d=\"M18.2 9.3l-6.2-6.3-6.2 6.3c-.2.2-.3.4-.3.7s.1.5.3.7c.2.2.4.3.7.3h11c.3 0 .5-.1.7-.3.2-.2.3-.5.3-.7s-.1-.5-.3-.7zM5.8 14.7l6.2 6.3 6.2-6.3c.2-.2.3-.5.3-.7s-.1-.5-.3-.7c-.2-.2-.4-.3-.7-.3h-11c-.3 0-.5.1-.7.3-.2.2-.3.5-.3.7s.1.5.3.7z\"\/><\/svg><\/span><\/span><\/span><\/a><\/span><\/div>\n<nav><ul class='ez-toc-list ez-toc-list-level-1 ' ><li class='ez-toc-page-1 ez-toc-heading-level-2'><a class=\"ez-toc-link ez-toc-heading-1\" href=\"https:\/\/lfchannel.com\/ca\/el-storytelling-en-les-relacions-publiques-que-es-com-aplicar-la-i-per-que-transformara-la-teva-comunicacio\/#%C2%BFQue_es_el_storytelling_en_les_relacions_publiques\" >\u00bfQue \u00e9s el storytelling en les relacions p\u00fabliques?<\/a><\/li><li class='ez-toc-page-1 ez-toc-heading-level-2'><a class=\"ez-toc-link ez-toc-heading-2\" href=\"https:\/\/lfchannel.com\/ca\/el-storytelling-en-les-relacions-publiques-que-es-com-aplicar-la-i-per-que-transformara-la-teva-comunicacio\/#Com_saplica_la_narracio_dhistories_en_una_estrategia_de_comunicacio_i_relacions_publiques\" >Com s&#8217;aplica la narraci\u00f3 d&#8217;hist\u00f2ries en una estrat\u00e8gia de comunicaci\u00f3 i relacions p\u00fabliques?<\/a><ul class='ez-toc-list-level-3' ><li class='ez-toc-heading-level-3'><a class=\"ez-toc-link ez-toc-heading-3\" href=\"https:\/\/lfchannel.com\/ca\/el-storytelling-en-les-relacions-publiques-que-es-com-aplicar-la-i-per-que-transformara-la-teva-comunicacio\/#Aplicacions_del_storytelling_en_la_comunicacio_corporativa\" >Aplicacions del storytelling en la comunicaci\u00f3 corporativa:<\/a><\/li><\/ul><\/li><li class='ez-toc-page-1 ez-toc-heading-level-2'><a class=\"ez-toc-link ez-toc-heading-4\" href=\"https:\/\/lfchannel.com\/ca\/el-storytelling-en-les-relacions-publiques-que-es-com-aplicar-la-i-per-que-transformara-la-teva-comunicacio\/#Efectes_i_beneficis_de_la_narracio_de_histories_en_les_relacions_publiques\" >Efectes i beneficis de la narraci\u00f3 de hist\u00f2ries en les relacions p\u00fabliques<\/a><\/li><\/ul><\/nav><\/div>\n<h2><span class=\"ez-toc-section\" id=\"%C2%BFQue_es_el_storytelling_en_les_relacions_publiques\"><\/span>\u00bfQue \u00e9s el storytelling en les relacions p\u00fabliques?<span class=\"ez-toc-section-end\"><\/span><\/h2>\n<p>El <strong>storytelling \u00e9s una eina per explicar hist\u00f2ries i t\u00e9 com a objectiu transmetre un missatge en codi<\/strong>. En l&#8217;\u00e0mbit de les relacions p\u00fabliques, aquesta narrativa ha de tenir sentit i ser coherent amb els valors de la marca. A trav\u00e9s de del relat no parla del producte en si, sin\u00f3 de la seva ess\u00e8ncia, com ara la seva <strong>missi\u00f3<\/strong>, <strong>visi\u00f3<\/strong> i <strong>l&#8217;impacte<\/strong> <strong>directe<\/strong> en la societat.<\/p>\n<p>Si la hist\u00f2ria est\u00e0 ben constru\u00efda, aquesta informaci\u00f3 esdev\u00e9 emocional; i si, a m\u00e9s, la marca aconsegueix <strong>generar empatia<\/strong>, el p\u00fablic objectiu se sentir\u00e0 identificat, cosa que millorar\u00e0 la seva imatge corporativa i reputaci\u00f3. El p\u00fablic ja no vol saber qu\u00e8 fa una empresa; vol saber per qu\u00e8 i com ho fa.<\/p>\n<p>En aquest blog, ja hem tractat anteriorment <a href=\"https:\/\/lfchannel.com\/ca\/el-rol-de-la-comunicacio-visual-en-les-relacions-publiques\/\" target=\"_blank\" rel=\"noopener\"><strong>el paper de la comunicaci\u00f3 visual en les relacions p\u00fabliques<\/strong><\/a>, destacant la import\u00e0ncia de refor\u00e7ar la percepci\u00f3 i la connexi\u00f3 amb el p\u00fablic. L&#8217;objectiu de la narraci\u00f3 de hist\u00f2ries \u00e9s molt similar: es <strong>tracta de crear un vincle, connectar amb el p\u00fablic i mantenir la coher\u00e8ncia.<\/strong><\/p>\n<h2><span class=\"ez-toc-section\" id=\"Com_saplica_la_narracio_dhistories_en_una_estrategia_de_comunicacio_i_relacions_publiques\"><\/span>Com s&#8217;aplica la narraci\u00f3 d&#8217;hist\u00f2ries en una estrat\u00e8gia de comunicaci\u00f3 i relacions p\u00fabliques?<span class=\"ez-toc-section-end\"><\/span><\/h2>\n<p>Utilitzar la narraci\u00f3 d&#8217;hist\u00f2ries en les relacions p\u00fabliques no \u00e9s una tasca f\u00e0cil. Com a eina de relacions p\u00fabliques, la hist\u00f2ria creada ha de ser adaptable a diferents formats de mitjans i, per aconseguir-ho, necessitem un tema central que ho agafi tot.<\/p>\n<p>El primer pas per aplicar la narraci\u00f3 d&#8217;hist\u00f2ries \u00e9s tenir clar el nostre objectiu, que \u00e9s la base per donar significat al que volem comunicar. Ho podem definir a partir <strong>dels valors que volem transmetre <\/strong>i el<strong> prop\u00f2sit pel qual ho fem.<\/strong><\/p>\n<h3><span class=\"ez-toc-section\" id=\"Aplicacions_del_storytelling_en_la_comunicacio_corporativa\"><\/span>Aplicacions del storytelling en la comunicaci\u00f3 corporativa:<span class=\"ez-toc-section-end\"><\/span><\/h3>\n<p>A continuaci\u00f3, desglossem algunes de les funcions que la narraci\u00f3 d&#8217;hist\u00f2ries t\u00e9 en diferents contextos de relacions p\u00fabliques:<\/p>\n<ul>\n<li>En les <strong>relacions<\/strong> amb els<strong> mitjans<\/strong>, el relat ajuda a fer el contingut m\u00e9s atractiu per al p\u00fablic. Una experi\u00e8ncia real o una an\u00e8cdota explicada en una nota de premsa per destacar la utilitat d&#8217;un producte o servei atrau m\u00e9s l&#8217;atenci\u00f3 del p\u00fablic que una llista de caracter\u00edstiques.<\/li>\n<li><strong>Campanyes de comunicaci\u00f3<\/strong>: el &#8216;storytelling&#8217; \u00e9s l&#8217;eina perfecta per connectar amb el p\u00fablic apel\u00b7lant a valors com la sostenibilitat o la diversitat.<\/li>\n<li>En la <strong>gesti\u00f3 de crisis<\/strong>, la narrativa pot marcar la difer\u00e8ncia. En lloc de donar excuses o transmetre un missatge defensiu, l&#8217;empresa pot reaccionar a l&#8217; contratemps explicant-se a trav\u00e9s d&#8217;una hist\u00f2ria que reflecteixi el seu comprom\u00eds amb la millora.<\/li>\n<li>En les <strong>plataformes digitals<\/strong>, com ara les xarxes socials o els p\u00f2dcasts, la narraci\u00f3 pot adoptar una forma m\u00e9s personal oferint un contingut m\u00e9s hum\u00e0; un enfocament que pot augmentar l&#8217;abast i fomentar la interacci\u00f3.<\/li>\n<\/ul>\n<h2><span class=\"ez-toc-section\" id=\"Efectes_i_beneficis_de_la_narracio_de_histories_en_les_relacions_publiques\"><\/span>Efectes i beneficis de la narraci\u00f3 de hist\u00f2ries en les relacions p\u00fabliques<span class=\"ez-toc-section-end\"><\/span><\/h2>\n<p>Com ja hem explicat, un dels <strong><a href=\"https:\/\/www.asociacionadc.org\/wp-content\/uploads\/2018\/09\/la-guia-de-storytelling-y-branded-content-de-adecec.pdf\" target=\"_blank\" rel=\"noopener\">principals beneficis del storytelling<\/a><\/strong> \u00e9s <strong>la connexi\u00f3 emocional<\/strong> que crea amb l&#8217;audi\u00e8ncia que rep el missatge. Les hist\u00f2ries estableixen una proximitat que fa que l&#8217;audi\u00e8ncia s&#8217;identifiqui amb la marca, la qual cosa es tradueix en confian\u00e7a i lleialtat del client.<\/p>\n<p>Tamb\u00e9 millora la <strong>coher\u00e8ncia de la comunicaci\u00f3 corporativa.<\/strong> Cada acci\u00f3 que duu a terme la marca refor\u00e7a el missatge, consolidant el seu posicionament. A m\u00e9s, aquestes hist\u00f2ries aut\u00e8ntiques <strong>humanitzen les empreses<\/strong>, creant un efecte de transpar\u00e8ncia, que \u00e9s significatiu per als consumidors en termes de credibilitat.<\/p>\n<p>Al mateix temps, aquestes hist\u00f2ries <strong>augmenten la visibilitat de la marca<\/strong>, ja que les persones amb qui s&#8217;ha connectat tendeixen a compartir aquest contingut a causa de l&#8217;impacte que t\u00e9 sobre elles. El fet \u00e9s que una hist\u00f2ria ben explicada es difon. Per tant, hi ha un efecte directe en el <strong>posicionament estrat\u00e8gic<\/strong>: en construir una narrativa amb impacte, ens diferenciem de la compet\u00e8ncia i reforcem la nostra identitat.<\/p>\n<p>En resum, <strong>el &#8216;storytelling&#8217; en les relacions p\u00fabliques \u00e9s essencial<\/strong> en l&#8217;era digital actual, on captar l&#8217;atenci\u00f3 sembla una tasca impossible. L&#8217;autenticitat de les empreses es rep positivament, i deixar una impressi\u00f3 duradora en la mem\u00f2ria d&#8217;alg\u00fa es pot considerar un \u00e8xit.<\/p>\n","protected":false},"excerpt":{"rendered":"<p>En l&#8217;actual panorama de les comunicacions corporatives, on hi ha saturaci\u00f3 digital, simplement explicar a la gent qu\u00e8 fem no \u00e9s suficient. Els missatges unidireccionals han perdut el seu efecte. Avui, el que connecta amb el p\u00fablic \u00e9s explicar la motivaci\u00f3 que hi ha darrere del que fem i com ho fem d&#8217;una manera creativa [&hellip;]<\/p>\n","protected":false},"author":4,"featured_media":13160,"comment_status":"closed","ping_status":"open","sticky":false,"template":"","format":"standard","meta":{"_et_pb_use_builder":"","_et_pb_old_content":"","_et_gb_content_width":"","content-type":"","footnotes":""},"categories":[67],"tags":[],"class_list":["post-13158","post","type-post","status-publish","format-standard","has-post-thumbnail","hentry","category-tendencies_comunicacio"],"aioseo_notices":[],"_links":{"self":[{"href":"https:\/\/lfchannel.com\/ca\/wp-json\/wp\/v2\/posts\/13158","targetHints":{"allow":["GET"]}}],"collection":[{"href":"https:\/\/lfchannel.com\/ca\/wp-json\/wp\/v2\/posts"}],"about":[{"href":"https:\/\/lfchannel.com\/ca\/wp-json\/wp\/v2\/types\/post"}],"author":[{"embeddable":true,"href":"https:\/\/lfchannel.com\/ca\/wp-json\/wp\/v2\/users\/4"}],"replies":[{"embeddable":true,"href":"https:\/\/lfchannel.com\/ca\/wp-json\/wp\/v2\/comments?post=13158"}],"version-history":[{"count":5,"href":"https:\/\/lfchannel.com\/ca\/wp-json\/wp\/v2\/posts\/13158\/revisions"}],"predecessor-version":[{"id":13188,"href":"https:\/\/lfchannel.com\/ca\/wp-json\/wp\/v2\/posts\/13158\/revisions\/13188"}],"wp:featuredmedia":[{"embeddable":true,"href":"https:\/\/lfchannel.com\/ca\/wp-json\/wp\/v2\/media\/13160"}],"wp:attachment":[{"href":"https:\/\/lfchannel.com\/ca\/wp-json\/wp\/v2\/media?parent=13158"}],"wp:term":[{"taxonomy":"category","embeddable":true,"href":"https:\/\/lfchannel.com\/ca\/wp-json\/wp\/v2\/categories?post=13158"},{"taxonomy":"post_tag","embeddable":true,"href":"https:\/\/lfchannel.com\/ca\/wp-json\/wp\/v2\/tags?post=13158"}],"curies":[{"name":"wp","href":"https:\/\/api.w.org\/{rel}","templated":true}]}}